{"id":537,"date":"2020-01-13T19:19:46","date_gmt":"2020-01-13T18:19:46","guid":{"rendered":"http:\/\/www.oekosuchmaschine.de\/magazin\/?p=537"},"modified":"2020-01-13T19:19:46","modified_gmt":"2020-01-13T18:19:46","slug":"nachhaltig-wohnen-was-kann-ich-fuer-die-umwelt-tun","status":"publish","type":"post","link":"https:\/\/www.oekosuchmaschine.de\/magazin\/nachhaltig-wohnen-was-kann-ich-fuer-die-umwelt-tun\/","title":{"rendered":"Nachhaltig Wohnen &#8211; Was kann ich f\u00fcr die Umwelt tun?"},"content":{"rendered":"<p><em>Viele Menschen machen sich keine Gedanken dar\u00fcber, wie viel Wasser sie tags\u00fcber verbrauchen, wie die Produkte des t\u00e4glichen Lebens hergestellt werden und wie viel Energie die Haushaltsger\u00e4te verbrauchen, die wir t\u00e4glich benutzen. Viele Menschen denken nicht dar\u00fcber nach, weil sie glauben, dass die \u00c4nderung der Gewohnheiten eines Haushalts auf nationaler, europ\u00e4ischer und globaler Ebene wenig bewirken wird. Nichts k\u00f6nnte weiter von der Wahrheit entfernt sein. Wir alle haben einen echten Einfluss auf unseren Planeten. So k\u00f6nnen wir mit einfachen Ma\u00dfnahmen den Klimawandel bek\u00e4mpfen, bewusster konsumieren und gleichzeitig ges\u00fcnder und sparsamer leben.<\/em><\/p>\n<p><strong>Neben unseren Tipps zum nachhaltigen Wohnen finden Sie im Internet weiterf\u00fchrende <a href=\"https:\/\/www.gruen-denken.de\/\">Informationen zur Nachhaltigkeit<\/a> und Artikel, die dazu beitragen, dass wir unser Bewusstsein f\u00fcr das wirklich Wichtige im Leben sch\u00e4rfen.<\/strong><\/p>\n<h2>Nachhaltigkeit in der K\u00fcche<\/h2>\n<p>Hier kochen wir, lagern Lebensmittel, bereiten die Mahlzeiten vor und waschen sie. Wir k\u00f6nnen all diese Dinge auf eine nachhaltige Weise tun. Zun\u00e4chst einmal durch den Einsatz energiesparender Ger\u00e4te <em>(z.B. verbraucht ein K\u00fchlschrank der Klasse A+++ bis zu 40% weniger Energie als Ger\u00e4te der Klasse A oder B)<\/em>. Zweitens durch die Verwendung eines Deckels beim Kochen. Dadurch k\u00f6nnen wir nicht nur ein gesundes, schmackhaftes Gericht zubereiten, sondern auch den Garraum optimieren und damit die Energiekosten senken. Drittens sollte man daran denken, keine Lebensmittel zu verschwenden &#8211; das ist nicht nur unwirtschaftlich, sondern auch umweltfreundlich. Es ist besser, die Reste vom Mittag- oder Abendessen in Beh\u00e4lter zu packen und wieder einzufrieren oder in den K\u00fchlschrank f\u00fcr das Mittagessen von morgen zu stellen &#8211; zum Beispiel f\u00fcr das Mittagessen auf der Arbeit.<\/p>\n<p>Zu einer ausgewogenen K\u00fcche geh\u00f6ren auch unsere eigenen Kr\u00e4uter und Gem\u00fcse, die wir problemlos auf einem Fensterbrett anpflanzen k\u00f6nnen. Diese Aktivit\u00e4t wird besonders f\u00fcr Kinder ein gro\u00dfer Spa\u00df sein. Und die ganze Familie wird das Vergn\u00fcgen haben, ihre eigene Ernte zu essen &#8211; wie Petersilie oder Schnittlauch auf einem Sandwich.<\/p>\n<p><strong>Nicht zuletzt bedeutet eine nachhaltige K\u00fcche auch M\u00fclltrennung. Denn sie trennt wiederverwertbare Produkte und so genannte organische Reststoffe vom normalen M\u00fcll.<\/strong><\/p>\n<h2>Nachhaltigkeit\u00a0im Schlafzimmer<\/h2>\n<p>Ja, auch im Schlafzimmer k\u00f6nnen wir noch nachhaltiger werden. Wir m\u00fcssen nur \u00f6kologische Textilien einf\u00fchren. Was bedeutet das? Es ist wichtig, darauf zu achten, in welcher Art von Bettw\u00e4sche wir schlafen, denn sie ist oft nicht nur f\u00fcr den Schlafkomfort, sondern auch f\u00fcr die Umwelt wichtig. Eine ausgezeichnete Alternative zu synthetischen, Polyesterfasern kann Lyocell sein. Es wird aus nachwachsenden Rohstoffen (Holz) hergestellt, und bei seiner Herstellung wird ein ungiftiges L\u00f6sungsmittel verwendet, das zur\u00fcckgewonnen und noch viele Male wiederverwendet wird. Eine solche Produktion ist sehr effizient und umweltfreundlich, und die Bettw\u00e4sche selbst ist \u00e4u\u00dferst empfindlich f\u00fcr unsere Haut &#8211; sie l\u00e4sst sie atmen, reizt sie nicht, weil sie eine sehr weiche und glatte Struktur hat, so dass sie keine Allergien verursacht und Feuchtigkeit gut abtransportiert. Dasselbe gilt f\u00fcr Baumwollt\u00fccher. Sie sollten zu 100% aus nachhaltigen Quellen stammen. Das bedeutet, dass beim Anbau weniger Wasser, Pestizide und D\u00fcngemittel eingesetzt werden und die Gewinne der Bauern steigen.<\/p>\n<h2>Nachhaltigkeit im Badezimmer<\/h2>\n<p>Ein weiterer aus Nachhaltigkeitsgr\u00fcnden ebenso wichtiger Raum in unserem Haus ist das Bad. Nach Angaben des <a href=\"https:\/\/www.destatis.de\/DE\/Home\/_inhalt.html\">Statistischen Bundesamts<\/a> verbrauchen wir t\u00e4glich durchschnittlich 127 Liter Wasser pro Person. Das ist leider viel zu viel im globalen Ma\u00dfstab &#8211; es gibt L\u00e4nder, in denen ein Wasserdefizit besteht.<\/p>\n<p>Warum sprechen wir \u00fcber Wasser im Zusammenhang mit dem Badezimmer und nicht mit der K\u00fcche? Den Angaben zufolge verbrauchen wir 35% Wasser f\u00fcr die t\u00e4gliche W\u00e4sche und 30% f\u00fcr die Toilettensp\u00fclung. Das Waschen hingegen verbraucht 20 % des Wassers, das Waschen und Kochen nur 10 %. Das Bad ist also der Ort, an dem das Wasser &#8222;flie\u00dft&#8220;. Und um diesen Strom kleiner zu machen, ist es sinnvoll, einige einfache L\u00f6sungen anzuwenden. Die erste ist die Installation eines sparsamen Wasserhahns mit Bel\u00fcftungsfunktion. Es mischt Wasser mit Luft, was den Wasserverbrauch um 30% reduziert. Die zweite M\u00f6glichkeit besteht darin, das Wasser w\u00e4hrend des Z\u00e4hneputzens abzustellen und\u00a0 das Wasser f\u00fcr die Toilettensp\u00fclung zu optimieren <em>(nicht immer den gro\u00dfen Knopf dr\u00fccken<\/em>).<\/p>\n<h2>Fazit<\/h2>\n<p>Wenn wir nachhaltig leben wollen, k\u00f6nnen wir nicht selektiv und umweltfreundlich in nur einem Raum handeln. Nat\u00fcrlich k\u00f6nnen wir dies in kleinen Schritten tun, beginnend mit den oben genannten R\u00e4umen &#8211; K\u00fcche, Schlafzimmer Bad &#8211; aber letztendlich sollten wir auch an das ganze Haus denken. Einer der wichtigsten Aspekte des nachhaltigen Lebens ist der Einsatz von LED-Technologie. Diese Gl\u00fchbirnen verbrauchen bis zu 85% weniger Energie als herk\u00f6mmliche Leuchtstofflampen. Ihr Einsatz zu Hause kann die Kosten um bis zu 22% pro Jahr reduzieren.<\/p>\n<p>Die wenigsten Menschen sind sich auch bewusst, dass ihre H\u00e4user durch den Fu\u00dfboden W\u00e4rme verlieren &#8211; was die Heizkosten vor allem im Winter exponentiell ansteigen l\u00e4sst. Und doch sind Teppiche eine ausgezeichnete, billige, schnelle und \u00f6kologische M\u00f6glichkeit, die W\u00e4rme im Haus zu halten. Zumal immer mehr Teppiche aus wiederverwertbaren Materialien hergestellt werden. Die Temperatur in unserem Innenraum kann auch mit Textilien zur Isolierung von Fenstern und T\u00fcren geregelt werden. Vorh\u00e4nge helfen, die W\u00e4rme im Winter im Inneren zu halten und sch\u00fctzen im Sommer vor hellem Sonnenlicht. Auch bei der Einrichtung unseres Interieurs lohnt es sich, auf \u00f6kologische Produkte zu setzen &#8211; z.B. M\u00f6bel oder recycelbare Accessoires. Dies wird unser Haus nicht nur gem\u00fctlich und warm, sondern auch nachhaltig machen.<\/p>\n<p><strong>Diese kleinen Ver\u00e4nderungen in unserem Leben werden wirklich zu einer gro\u00dfen Ver\u00e4nderung in der Welt beitragen &#8211; wenn wir sie alle umsetzen, nat\u00fcrlich.<\/strong><\/p>\n<p>Denken Sie daran, dass sich gute Taten summieren und wenn jeder von uns eine kleine Anstrengung macht, um etwas in unserem Leben und in unserem Inneren zu ver\u00e4ndern, werden wir gemeinsam einen gro\u00dfen Schritt nach vorne machen.<\/p>\n","protected":false},"excerpt":{"rendered":"<div class=\"mh-excerpt\"><p>Viele Menschen machen sich keine Gedanken dar\u00fcber, wie viel Wasser sie tags\u00fcber verbrauchen, wie die Produkte des t\u00e4glichen Lebens hergestellt werden und wie viel Energie die Haushaltsger\u00e4te verbrauchen, die wir t\u00e4glich benutzen. Viele Menschen denken <a class=\"mh-excerpt-more\" href=\"https:\/\/www.oekosuchmaschine.de\/magazin\/nachhaltig-wohnen-was-kann-ich-fuer-die-umwelt-tun\/\" title=\"Nachhaltig Wohnen &#8211; Was kann ich f\u00fcr die Umwelt tun?\">[&#8230;]<\/a><\/p>\n<\/div>","protected":false},"author":1,"featured_media":541,"comment_status":"open","ping_status":"open","sticky":false,"template":"","format":"standard","meta":{"footnotes":""},"categories":[6],"tags":[],"class_list":{"0":"post-537","1":"post","2":"type-post","3":"status-publish","4":"format-standard","5":"has-post-thumbnail","7":"category-haus-garten"},"yoast_head":"<!-- This site is optimized with the Yoast SEO plugin v25.0 - https:\/\/yoast.com\/wordpress\/plugins\/seo\/ -->\n<title>Nachhaltig Wohnen - Was kann ich f\u00fcr die Umwelt tun? | \u00d6ko-Magazin<\/title>\n<meta name=\"robots\" content=\"index, follow, max-snippet:-1, max-image-preview:large, max-video-preview:-1\" \/>\n<link rel=\"canonical\" href=\"https:\/\/www.oekosuchmaschine.de\/magazin\/nachhaltig-wohnen-was-kann-ich-fuer-die-umwelt-tun\/\" \/>\n<meta property=\"og:locale\" content=\"de_DE\" \/>\n<meta property=\"og:type\" content=\"article\" \/>\n<meta property=\"og:title\" content=\"Nachhaltig Wohnen - Was kann ich f\u00fcr die Umwelt tun? | \u00d6ko-Magazin\" \/>\n<meta property=\"og:description\" content=\"Viele Menschen machen sich keine Gedanken dar\u00fcber, wie viel Wasser sie tags\u00fcber verbrauchen, wie die Produkte des t\u00e4glichen Lebens hergestellt werden und wie viel Energie die Haushaltsger\u00e4te verbrauchen, die wir t\u00e4glich benutzen. Viele Menschen denken [...]\" \/>\n<meta property=\"og:url\" content=\"https:\/\/www.oekosuchmaschine.de\/magazin\/nachhaltig-wohnen-was-kann-ich-fuer-die-umwelt-tun\/\" \/>\n<meta property=\"og:site_name\" content=\"\u00d6ko-Magazin\" \/>\n<meta property=\"article:published_time\" content=\"2020-01-13T18:19:46+00:00\" \/>\n<meta property=\"og:image\" content=\"https:\/\/www.oekosuchmaschine.de\/magazin\/wp-content\/uploads\/2020\/01\/tap-791172_1280-1.jpg\" \/>\n\t<meta property=\"og:image:width\" content=\"1280\" \/>\n\t<meta property=\"og:image:height\" content=\"853\" \/>\n\t<meta property=\"og:image:type\" content=\"image\/jpeg\" \/>\n<meta name=\"author\" content=\"Redaktion\" \/>\n<meta name=\"twitter:card\" content=\"summary_large_image\" \/>\n<meta name=\"twitter:label1\" content=\"Verfasst von\" \/>\n\t<meta name=\"twitter:data1\" content=\"Redaktion\" \/>\n\t<meta name=\"twitter:label2\" content=\"Gesch\u00e4tzte Lesezeit\" \/>\n\t<meta name=\"twitter:data2\" content=\"5\u00a0Minuten\" \/>\n<script type=\"application\/ld+json\" class=\"yoast-schema-graph\">{\"@context\":\"https:\/\/schema.org\",\"@graph\":[{\"@type\":\"Article\",\"@id\":\"https:\/\/www.oekosuchmaschine.de\/magazin\/nachhaltig-wohnen-was-kann-ich-fuer-die-umwelt-tun\/#article\",\"isPartOf\":{\"@id\":\"https:\/\/www.oekosuchmaschine.de\/magazin\/nachhaltig-wohnen-was-kann-ich-fuer-die-umwelt-tun\/\"},\"author\":{\"name\":\"Redaktion\",\"@id\":\"https:\/\/www.oekosuchmaschine.de\/magazin\/#\/schema\/person\/b8dc814907674d1ea8b55552164f1a41\"},\"headline\":\"Nachhaltig Wohnen &#8211; Was kann ich f\u00fcr die Umwelt tun?\",\"datePublished\":\"2020-01-13T18:19:46+00:00\",\"mainEntityOfPage\":{\"@id\":\"https:\/\/www.oekosuchmaschine.de\/magazin\/nachhaltig-wohnen-was-kann-ich-fuer-die-umwelt-tun\/\"},\"wordCount\":1009,\"commentCount\":0,\"publisher\":{\"@id\":\"https:\/\/www.oekosuchmaschine.de\/magazin\/#organization\"},\"image\":{\"@id\":\"https:\/\/www.oekosuchmaschine.de\/magazin\/nachhaltig-wohnen-was-kann-ich-fuer-die-umwelt-tun\/#primaryimage\"},\"thumbnailUrl\":\"https:\/\/www.oekosuchmaschine.de\/magazin\/wp-content\/uploads\/2020\/01\/tap-791172_1280-1.jpg\",\"articleSection\":[\"Haus &amp; Garten\"],\"inLanguage\":\"de\",\"potentialAction\":[{\"@type\":\"CommentAction\",\"name\":\"Comment\",\"target\":[\"https:\/\/www.oekosuchmaschine.de\/magazin\/nachhaltig-wohnen-was-kann-ich-fuer-die-umwelt-tun\/#respond\"]}]},{\"@type\":\"WebPage\",\"@id\":\"https:\/\/www.oekosuchmaschine.de\/magazin\/nachhaltig-wohnen-was-kann-ich-fuer-die-umwelt-tun\/\",\"url\":\"https:\/\/www.oekosuchmaschine.de\/magazin\/nachhaltig-wohnen-was-kann-ich-fuer-die-umwelt-tun\/\",\"name\":\"Nachhaltig Wohnen - Was kann ich f\u00fcr die Umwelt tun? | \u00d6ko-Magazin\",\"isPartOf\":{\"@id\":\"https:\/\/www.oekosuchmaschine.de\/magazin\/#website\"},\"primaryImageOfPage\":{\"@id\":\"https:\/\/www.oekosuchmaschine.de\/magazin\/nachhaltig-wohnen-was-kann-ich-fuer-die-umwelt-tun\/#primaryimage\"},\"image\":{\"@id\":\"https:\/\/www.oekosuchmaschine.de\/magazin\/nachhaltig-wohnen-was-kann-ich-fuer-die-umwelt-tun\/#primaryimage\"},\"thumbnailUrl\":\"https:\/\/www.oekosuchmaschine.de\/magazin\/wp-content\/uploads\/2020\/01\/tap-791172_1280-1.jpg\",\"datePublished\":\"2020-01-13T18:19:46+00:00\",\"breadcrumb\":{\"@id\":\"https:\/\/www.oekosuchmaschine.de\/magazin\/nachhaltig-wohnen-was-kann-ich-fuer-die-umwelt-tun\/#breadcrumb\"},\"inLanguage\":\"de\",\"potentialAction\":[{\"@type\":\"ReadAction\",\"target\":[\"https:\/\/www.oekosuchmaschine.de\/magazin\/nachhaltig-wohnen-was-kann-ich-fuer-die-umwelt-tun\/\"]}]},{\"@type\":\"ImageObject\",\"inLanguage\":\"de\",\"@id\":\"https:\/\/www.oekosuchmaschine.de\/magazin\/nachhaltig-wohnen-was-kann-ich-fuer-die-umwelt-tun\/#primaryimage\",\"url\":\"https:\/\/www.oekosuchmaschine.de\/magazin\/wp-content\/uploads\/2020\/01\/tap-791172_1280-1.jpg\",\"contentUrl\":\"https:\/\/www.oekosuchmaschine.de\/magazin\/wp-content\/uploads\/2020\/01\/tap-791172_1280-1.jpg\",\"width\":1280,\"height\":853,\"caption\":\"nachhaltig wohnen\"},{\"@type\":\"BreadcrumbList\",\"@id\":\"https:\/\/www.oekosuchmaschine.de\/magazin\/nachhaltig-wohnen-was-kann-ich-fuer-die-umwelt-tun\/#breadcrumb\",\"itemListElement\":[{\"@type\":\"ListItem\",\"position\":1,\"name\":\"Startseite\",\"item\":\"https:\/\/www.oekosuchmaschine.de\/magazin\/\"},{\"@type\":\"ListItem\",\"position\":2,\"name\":\"Nachhaltig Wohnen &#8211; Was kann ich f\u00fcr die Umwelt tun?\"}]},{\"@type\":\"WebSite\",\"@id\":\"https:\/\/www.oekosuchmaschine.de\/magazin\/#website\",\"url\":\"https:\/\/www.oekosuchmaschine.de\/magazin\/\",\"name\":\"\u00d6ko-Magazin\",\"description\":\"Das offizielle Wissensmagazin von \u00d6kosuchmaschine.de\",\"publisher\":{\"@id\":\"https:\/\/www.oekosuchmaschine.de\/magazin\/#organization\"},\"potentialAction\":[{\"@type\":\"SearchAction\",\"target\":{\"@type\":\"EntryPoint\",\"urlTemplate\":\"https:\/\/www.oekosuchmaschine.de\/magazin\/?s={search_term_string}\"},\"query-input\":{\"@type\":\"PropertyValueSpecification\",\"valueRequired\":true,\"valueName\":\"search_term_string\"}}],\"inLanguage\":\"de\"},{\"@type\":\"Organization\",\"@id\":\"https:\/\/www.oekosuchmaschine.de\/magazin\/#organization\",\"name\":\"\u00d6ko-Magazin\",\"url\":\"https:\/\/www.oekosuchmaschine.de\/magazin\/\",\"logo\":{\"@type\":\"ImageObject\",\"inLanguage\":\"de\",\"@id\":\"https:\/\/www.oekosuchmaschine.de\/magazin\/#\/schema\/logo\/image\/\",\"url\":\"https:\/\/www.oekosuchmaschine.de\/magazin\/wp-content\/uploads\/2019\/01\/Logo-Magazin-NEU2-klein1.png\",\"contentUrl\":\"https:\/\/www.oekosuchmaschine.de\/magazin\/wp-content\/uploads\/2019\/01\/Logo-Magazin-NEU2-klein1.png\",\"width\":519,\"height\":90,\"caption\":\"\u00d6ko-Magazin\"},\"image\":{\"@id\":\"https:\/\/www.oekosuchmaschine.de\/magazin\/#\/schema\/logo\/image\/\"}},{\"@type\":\"Person\",\"@id\":\"https:\/\/www.oekosuchmaschine.de\/magazin\/#\/schema\/person\/b8dc814907674d1ea8b55552164f1a41\",\"name\":\"Redaktion\",\"image\":{\"@type\":\"ImageObject\",\"inLanguage\":\"de\",\"@id\":\"https:\/\/www.oekosuchmaschine.de\/magazin\/#\/schema\/person\/image\/\",\"url\":\"https:\/\/secure.gravatar.com\/avatar\/9d952bea0b3f54ed48d92ddceca598d8f18c9722e8eec14f80b2b5973ed92678?s=96&d=mm&r=g\",\"contentUrl\":\"https:\/\/secure.gravatar.com\/avatar\/9d952bea0b3f54ed48d92ddceca598d8f18c9722e8eec14f80b2b5973ed92678?s=96&d=mm&r=g\",\"caption\":\"Redaktion\"},\"description\":\"In diesem Online-Magazin publizieren unsere Redakteure regelm\u00e4\u00dfig neue Beitr\u00e4ge zu unterschiedlichsten Themen. Alle Artikel haben eines gemeinsam: Sie vermitteln Wissen und informieren \u00fcber News! M\u00f6chtest Du einen Gastartikel in unserem Wissensmagazin ver\u00f6ffentlichen? Dann schreibe uns gerne an!\",\"url\":\"https:\/\/www.oekosuchmaschine.de\/magazin\/author\/webgo-admin\/\"}]}<\/script>\n<!-- \/ Yoast SEO plugin. -->","yoast_head_json":{"title":"Nachhaltig Wohnen - Was kann ich f\u00fcr die Umwelt tun? | \u00d6ko-Magazin","robots":{"index":"index","follow":"follow","max-snippet":"max-snippet:-1","max-image-preview":"max-image-preview:large","max-video-preview":"max-video-preview:-1"},"canonical":"https:\/\/www.oekosuchmaschine.de\/magazin\/nachhaltig-wohnen-was-kann-ich-fuer-die-umwelt-tun\/","og_locale":"de_DE","og_type":"article","og_title":"Nachhaltig Wohnen - Was kann ich f\u00fcr die Umwelt tun? | \u00d6ko-Magazin","og_description":"Viele Menschen machen sich keine Gedanken dar\u00fcber, wie viel Wasser sie tags\u00fcber verbrauchen, wie die Produkte des t\u00e4glichen Lebens hergestellt werden und wie viel Energie die Haushaltsger\u00e4te verbrauchen, die wir t\u00e4glich benutzen. Viele Menschen denken [...]","og_url":"https:\/\/www.oekosuchmaschine.de\/magazin\/nachhaltig-wohnen-was-kann-ich-fuer-die-umwelt-tun\/","og_site_name":"\u00d6ko-Magazin","article_published_time":"2020-01-13T18:19:46+00:00","og_image":[{"width":1280,"height":853,"url":"https:\/\/www.oekosuchmaschine.de\/magazin\/wp-content\/uploads\/2020\/01\/tap-791172_1280-1.jpg","type":"image\/jpeg"}],"author":"Redaktion","twitter_card":"summary_large_image","twitter_misc":{"Verfasst von":"Redaktion","Gesch\u00e4tzte Lesezeit":"5\u00a0Minuten"},"schema":{"@context":"https:\/\/schema.org","@graph":[{"@type":"Article","@id":"https:\/\/www.oekosuchmaschine.de\/magazin\/nachhaltig-wohnen-was-kann-ich-fuer-die-umwelt-tun\/#article","isPartOf":{"@id":"https:\/\/www.oekosuchmaschine.de\/magazin\/nachhaltig-wohnen-was-kann-ich-fuer-die-umwelt-tun\/"},"author":{"name":"Redaktion","@id":"https:\/\/www.oekosuchmaschine.de\/magazin\/#\/schema\/person\/b8dc814907674d1ea8b55552164f1a41"},"headline":"Nachhaltig Wohnen &#8211; Was kann ich f\u00fcr die Umwelt tun?","datePublished":"2020-01-13T18:19:46+00:00","mainEntityOfPage":{"@id":"https:\/\/www.oekosuchmaschine.de\/magazin\/nachhaltig-wohnen-was-kann-ich-fuer-die-umwelt-tun\/"},"wordCount":1009,"commentCount":0,"publisher":{"@id":"https:\/\/www.oekosuchmaschine.de\/magazin\/#organization"},"image":{"@id":"https:\/\/www.oekosuchmaschine.de\/magazin\/nachhaltig-wohnen-was-kann-ich-fuer-die-umwelt-tun\/#primaryimage"},"thumbnailUrl":"https:\/\/www.oekosuchmaschine.de\/magazin\/wp-content\/uploads\/2020\/01\/tap-791172_1280-1.jpg","articleSection":["Haus &amp; Garten"],"inLanguage":"de","potentialAction":[{"@type":"CommentAction","name":"Comment","target":["https:\/\/www.oekosuchmaschine.de\/magazin\/nachhaltig-wohnen-was-kann-ich-fuer-die-umwelt-tun\/#respond"]}]},{"@type":"WebPage","@id":"https:\/\/www.oekosuchmaschine.de\/magazin\/nachhaltig-wohnen-was-kann-ich-fuer-die-umwelt-tun\/","url":"https:\/\/www.oekosuchmaschine.de\/magazin\/nachhaltig-wohnen-was-kann-ich-fuer-die-umwelt-tun\/","name":"Nachhaltig Wohnen - Was kann ich f\u00fcr die Umwelt tun? | \u00d6ko-Magazin","isPartOf":{"@id":"https:\/\/www.oekosuchmaschine.de\/magazin\/#website"},"primaryImageOfPage":{"@id":"https:\/\/www.oekosuchmaschine.de\/magazin\/nachhaltig-wohnen-was-kann-ich-fuer-die-umwelt-tun\/#primaryimage"},"image":{"@id":"https:\/\/www.oekosuchmaschine.de\/magazin\/nachhaltig-wohnen-was-kann-ich-fuer-die-umwelt-tun\/#primaryimage"},"thumbnailUrl":"https:\/\/www.oekosuchmaschine.de\/magazin\/wp-content\/uploads\/2020\/01\/tap-791172_1280-1.jpg","datePublished":"2020-01-13T18:19:46+00:00","breadcrumb":{"@id":"https:\/\/www.oekosuchmaschine.de\/magazin\/nachhaltig-wohnen-was-kann-ich-fuer-die-umwelt-tun\/#breadcrumb"},"inLanguage":"de","potentialAction":[{"@type":"ReadAction","target":["https:\/\/www.oekosuchmaschine.de\/magazin\/nachhaltig-wohnen-was-kann-ich-fuer-die-umwelt-tun\/"]}]},{"@type":"ImageObject","inLanguage":"de","@id":"https:\/\/www.oekosuchmaschine.de\/magazin\/nachhaltig-wohnen-was-kann-ich-fuer-die-umwelt-tun\/#primaryimage","url":"https:\/\/www.oekosuchmaschine.de\/magazin\/wp-content\/uploads\/2020\/01\/tap-791172_1280-1.jpg","contentUrl":"https:\/\/www.oekosuchmaschine.de\/magazin\/wp-content\/uploads\/2020\/01\/tap-791172_1280-1.jpg","width":1280,"height":853,"caption":"nachhaltig wohnen"},{"@type":"BreadcrumbList","@id":"https:\/\/www.oekosuchmaschine.de\/magazin\/nachhaltig-wohnen-was-kann-ich-fuer-die-umwelt-tun\/#breadcrumb","itemListElement":[{"@type":"ListItem","position":1,"name":"Startseite","item":"https:\/\/www.oekosuchmaschine.de\/magazin\/"},{"@type":"ListItem","position":2,"name":"Nachhaltig Wohnen &#8211; Was kann ich f\u00fcr die Umwelt tun?"}]},{"@type":"WebSite","@id":"https:\/\/www.oekosuchmaschine.de\/magazin\/#website","url":"https:\/\/www.oekosuchmaschine.de\/magazin\/","name":"\u00d6ko-Magazin","description":"Das offizielle Wissensmagazin von \u00d6kosuchmaschine.de","publisher":{"@id":"https:\/\/www.oekosuchmaschine.de\/magazin\/#organization"},"potentialAction":[{"@type":"SearchAction","target":{"@type":"EntryPoint","urlTemplate":"https:\/\/www.oekosuchmaschine.de\/magazin\/?s={search_term_string}"},"query-input":{"@type":"PropertyValueSpecification","valueRequired":true,"valueName":"search_term_string"}}],"inLanguage":"de"},{"@type":"Organization","@id":"https:\/\/www.oekosuchmaschine.de\/magazin\/#organization","name":"\u00d6ko-Magazin","url":"https:\/\/www.oekosuchmaschine.de\/magazin\/","logo":{"@type":"ImageObject","inLanguage":"de","@id":"https:\/\/www.oekosuchmaschine.de\/magazin\/#\/schema\/logo\/image\/","url":"https:\/\/www.oekosuchmaschine.de\/magazin\/wp-content\/uploads\/2019\/01\/Logo-Magazin-NEU2-klein1.png","contentUrl":"https:\/\/www.oekosuchmaschine.de\/magazin\/wp-content\/uploads\/2019\/01\/Logo-Magazin-NEU2-klein1.png","width":519,"height":90,"caption":"\u00d6ko-Magazin"},"image":{"@id":"https:\/\/www.oekosuchmaschine.de\/magazin\/#\/schema\/logo\/image\/"}},{"@type":"Person","@id":"https:\/\/www.oekosuchmaschine.de\/magazin\/#\/schema\/person\/b8dc814907674d1ea8b55552164f1a41","name":"Redaktion","image":{"@type":"ImageObject","inLanguage":"de","@id":"https:\/\/www.oekosuchmaschine.de\/magazin\/#\/schema\/person\/image\/","url":"https:\/\/secure.gravatar.com\/avatar\/9d952bea0b3f54ed48d92ddceca598d8f18c9722e8eec14f80b2b5973ed92678?s=96&d=mm&r=g","contentUrl":"https:\/\/secure.gravatar.com\/avatar\/9d952bea0b3f54ed48d92ddceca598d8f18c9722e8eec14f80b2b5973ed92678?s=96&d=mm&r=g","caption":"Redaktion"},"description":"In diesem Online-Magazin publizieren unsere Redakteure regelm\u00e4\u00dfig neue Beitr\u00e4ge zu unterschiedlichsten Themen. Alle Artikel haben eines gemeinsam: Sie vermitteln Wissen und informieren \u00fcber News! M\u00f6chtest Du einen Gastartikel in unserem Wissensmagazin ver\u00f6ffentlichen? Dann schreibe uns gerne an!","url":"https:\/\/www.oekosuchmaschine.de\/magazin\/author\/webgo-admin\/"}]}},"_links":{"self":[{"href":"https:\/\/www.oekosuchmaschine.de\/magazin\/wp-json\/wp\/v2\/posts\/537","targetHints":{"allow":["GET"]}}],"collection":[{"href":"https:\/\/www.oekosuchmaschine.de\/magazin\/wp-json\/wp\/v2\/posts"}],"about":[{"href":"https:\/\/www.oekosuchmaschine.de\/magazin\/wp-json\/wp\/v2\/types\/post"}],"author":[{"embeddable":true,"href":"https:\/\/www.oekosuchmaschine.de\/magazin\/wp-json\/wp\/v2\/users\/1"}],"replies":[{"embeddable":true,"href":"https:\/\/www.oekosuchmaschine.de\/magazin\/wp-json\/wp\/v2\/comments?post=537"}],"version-history":[{"count":3,"href":"https:\/\/www.oekosuchmaschine.de\/magazin\/wp-json\/wp\/v2\/posts\/537\/revisions"}],"predecessor-version":[{"id":540,"href":"https:\/\/www.oekosuchmaschine.de\/magazin\/wp-json\/wp\/v2\/posts\/537\/revisions\/540"}],"wp:featuredmedia":[{"embeddable":true,"href":"https:\/\/www.oekosuchmaschine.de\/magazin\/wp-json\/wp\/v2\/media\/541"}],"wp:attachment":[{"href":"https:\/\/www.oekosuchmaschine.de\/magazin\/wp-json\/wp\/v2\/media?parent=537"}],"wp:term":[{"taxonomy":"category","embeddable":true,"href":"https:\/\/www.oekosuchmaschine.de\/magazin\/wp-json\/wp\/v2\/categories?post=537"},{"taxonomy":"post_tag","embeddable":true,"href":"https:\/\/www.oekosuchmaschine.de\/magazin\/wp-json\/wp\/v2\/tags?post=537"}],"curies":[{"name":"wp","href":"https:\/\/api.w.org\/{rel}","templated":true}]}}