{"id":762,"date":"2020-10-27T16:40:53","date_gmt":"2020-10-27T15:40:53","guid":{"rendered":"http:\/\/www.oekosuchmaschine.de\/magazin\/?p=762"},"modified":"2020-10-28T16:43:11","modified_gmt":"2020-10-28T15:43:11","slug":"oekologische-atemschutzmasken-aus-deutschland","status":"publish","type":"post","link":"https:\/\/www.oekosuchmaschine.de\/magazin\/oekologische-atemschutzmasken-aus-deutschland\/","title":{"rendered":"\u00d6kologische Atemschutzmasken aus Deutschland"},"content":{"rendered":"<p><strong>Waren in der Vergangenheit Atemschutzmasken aus Deutschland schon immer wegen ihrer guten Qualit\u00e4t gefragt, so ist das seit Corona noch mehr der Fall. Zahlreiche Firmen, unter anderem Zulieferer der Automobilindustrie haben sich auf die Produktion von Schutzmasken f\u00fcr die Arbeit spezialisiert. Seit Beginn der Corona-Krise haben es Firmen dieser Branche geschafft, innerhalb k\u00fcrzester Zeit die Herstellung umzustellen und hochwertige Atemschutzmasken &#8222;Made in Germany&#8220; zu fertigen. Die Herstellung von qualitativ hochwertigen Masken aus Deutschland wird auch nach dieser Krise noch weitergehen und h\u00f6chstwahrscheinlich noch weiter ausgebaut.<\/strong><\/p>\n<h2>Community Masken<\/h2>\n<p>Diese Behelfsmasken sind vor allem f\u00fcr die t\u00e4gliche Verwendung gedacht, aus geruchslosem Vliesstoff innen und au\u00dfen, mit dazwischen liegenden Mikro-Keimfilter hergestellt. Diese f\u00fcr den Normalgebrauch gefertigten Masken m\u00fcssen keine Zertifizierung vorweisen. Bei Husten wird der Tr\u00f6pfchen Auswurf minimiert. Der Kontakt zwischen Schleimhaut und den H\u00e4nden wird verhindert und das Bewusstsein f\u00fcr ein gesundes miteinander verst\u00e4rkt und das trotz Corona-Krise und der vielen negativen Erscheinungen. Masken dieser Art sind kein sicherer Schutz vor Infektionen. Behelfsmasken sind luftdurchl\u00e4ssig und sehr angenehm zu tragen, das sorgt daf\u00fcr, dass kein Druckempfinden vorhanden ist und sie lange tragbar sind.<\/p>\n<h2>Medizinische Atemschutzmasken aus Deutschland<\/h2>\n<p>Heutzutage h\u00f6rt man \u00fcberwiegend nur noch von OP-Masken sowie FFP-Masken. Diese Masken m\u00fcssen in Deutschland das CE Zertifikat vorweisen und sind somit f\u00fcr medizinische Zwecke und Einrichtungen geeignet.<\/p>\n<h3>FFP2 Masken<\/h3>\n<p>FFP2 Masken bieten relativ sicheren Schutz f\u00fcr den Tr\u00e4ger und f\u00fcr andere Personen. Bei diesen Masken werden bis zu 94 % sch\u00e4dlicher Viren aufgefangen und somit ein gro\u00dfer Schutz vor m\u00f6glichen Ansteckungen und Infektionen geboten. Seit Covid-19 ist die Nachfrage nach FFP2 Masken aus Deutschland stark gestiegen. W\u00e4hrend FFP2 Masken aus dem europ\u00e4ischen Ausland und aus \u00dcbersee nicht unbedingt zertifiziert sein m\u00fcssen, ist das bei Atemschutzmasken aus Deutschland vorgeschrieben.<\/p>\n<p>FFP2 Atemschutzmasken werden aus hochwertigen, wei\u00dfen Polypropylen-Werkstoffen gefertigt und f\u00fchlen sich angenehm auf der Haut an. Diese Keimschutzmasken sind in flacher oder kegelf\u00f6rmiger Bauweise erh\u00e4ltlich. Die Maske bietet hohen Komfort und Atmungsaktivit\u00e4t f\u00fcr den Anwender. Zwei elastische B\u00e4nder helfen, die Atemschutzmaske perfekt auf dem Gesicht zu halten.<\/p>\n<h3>FFP3 Masken<\/h3>\n<p>FFP3 Masken bieten gr\u00f6\u00dftm\u00f6gliche Sicherheit vor Infektionen, da diese Masken 99-prozentige Sicherheit bez\u00fcglich Ansteckungsgefahr bieten. Diese Masken werden \u00fcberwiegend bzw. ausschlie\u00dflich im medizinischen Bereich und Einrichtungen angewendet. F\u00fcr Otto Normalverbraucher eher ungeeignet und weniger empfehlenswert.<\/p>\n<h3>OP-Masken<\/h3>\n<p>OP-Masken sind bequem zu tragen, bieten allerdings nur beschr\u00e4nkt Schutz f\u00fcr den Tr\u00e4ger und f\u00fcr andere Personen. Diese Masken taugen zur einmaligen Verwendung und sollten danach fachgerecht umweltfreundlich entsorgt werden.<\/p>\n<p>Das <a href=\"https:\/\/www.bundesgesundheitsministerium.de\/coronavirus.html\">Bundesministerium f\u00fcr Gesundheit<\/a> gibt auch weitere Informationen zum Thema Coronavirus. Bitte beachten Sie auch unbedingt die Hinweise dort.<\/p>\n<h2>Atemschutzmasken aus Deutschland kaufen<\/h2>\n<p>Sie m\u00f6chten <a href=\"https:\/\/erste-hilfe-zuhause.de\/schutzausruestung\/atemschutzmasken-aus-deutschland\/\">Atemschutzmasken aus Deutschland kaufen<\/a>? Bezugsquellen dieser Atemschutzmasken aus Deutschland sind Apotheken, Internet und Sanit\u00e4tsh\u00e4user. Wer sich die Maske vor Ort in Apotheke oder im Sanit\u00e4tshaus kauft, kann sich vorab \u00fcber die Anwendung und Sicherheit bez\u00fcglich Ansteckungsgefahr beraten lassen. Bei gr\u00f6\u00dferen Mengen ist es vorteilhaft sich die Atemschutzmasken online zu bestellen. Auch m\u00f6glich ist eine Bestellung direkt beim Hersteller, bei gr\u00f6\u00dferen Mengen werden oft gro\u00dfz\u00fcgige Rabatte geboten.<\/p>\n<h2>Fazit<\/h2>\n<p>Heutzutage ist es kaum noch m\u00f6glich ohne Maske durch die Gegend zu laufen. Steigende Infektionszahlen, strengere Vorschriften und Beschr\u00e4nkungen im Alltag in Bezug auf Corona schreiben das Tragen einer Maske in bestimmten Bereichen vor.<\/p>\n<p>Damit das Alltagsleben einigerma\u00dfen normal weiterlaufen kann, ist es nur vern\u00fcnftig die bestehenden Vorschriften in dieser Angelegenheit zu beachten.<\/p>\n<p>Wer auf Nummer sicher gehen m\u00f6chte, der entscheidet sich vern\u00fcnftigerweise f\u00fcr eine Atemschutzmaske &#8222;Made in Germany&#8220;. Masken, die hierzulande gefertigt werden, m\u00fcssen allesamt eine dementsprechende Zertifizierung vorweisen k\u00f6nnen. Nur, wenn eine Maske zertifiziert ist, bietet sie ausreichend Schutz vor Infektionen und Ansteckungen.<\/p>\n<p>Daher ergibt es durchaus Sinn lieber mehr Geld f\u00fcr eine qualitativ hochwertige Atemschutzmaske auszugeben als zum Beispiel f\u00fcr ein minderwertiges &#8222;No Name&#8220; Produkt. Letztendlich ist eine Atemschutzmaske aus Deutschland zertifiziert eine lohnende Investition. Letztendlich sind die Kosten f\u00fcr die Gesundheit nie zu hoch &#8211; Gesundheit ist unbezahlbar.<\/p>\n<p>Genug Gr\u00fcnde die f\u00fcr Schutzmasken &#8222;Made in Germany&#8220; sprechen.<\/p>\n","protected":false},"excerpt":{"rendered":"<div class=\"mh-excerpt\"><p>Waren in der Vergangenheit Atemschutzmasken aus Deutschland schon immer wegen ihrer guten Qualit\u00e4t gefragt, so ist das seit Corona noch mehr der Fall. Zahlreiche Firmen, unter anderem Zulieferer der Automobilindustrie haben sich auf die Produktion <a class=\"mh-excerpt-more\" href=\"https:\/\/www.oekosuchmaschine.de\/magazin\/oekologische-atemschutzmasken-aus-deutschland\/\" title=\"\u00d6kologische Atemschutzmasken aus Deutschland\">[&#8230;]<\/a><\/p>\n<\/div>","protected":false},"author":1,"featured_media":763,"comment_status":"open","ping_status":"open","sticky":false,"template":"","format":"standard","meta":{"footnotes":""},"categories":[10],"tags":[],"class_list":{"0":"post-762","1":"post","2":"type-post","3":"status-publish","4":"format-standard","5":"has-post-thumbnail","7":"category-gesundheit"},"yoast_head":"<!-- This site is optimized with the Yoast SEO plugin v25.0 - https:\/\/yoast.com\/wordpress\/plugins\/seo\/ -->\n<title>\u00d6kologische Atemschutzmasken aus Deutschland | \u00d6ko-Magazin<\/title>\n<meta name=\"robots\" content=\"index, follow, max-snippet:-1, max-image-preview:large, max-video-preview:-1\" \/>\n<link rel=\"canonical\" href=\"https:\/\/www.oekosuchmaschine.de\/magazin\/oekologische-atemschutzmasken-aus-deutschland\/\" \/>\n<meta property=\"og:locale\" content=\"de_DE\" \/>\n<meta property=\"og:type\" content=\"article\" \/>\n<meta property=\"og:title\" content=\"\u00d6kologische Atemschutzmasken aus Deutschland | \u00d6ko-Magazin\" \/>\n<meta property=\"og:description\" content=\"Waren in der Vergangenheit Atemschutzmasken aus Deutschland schon immer wegen ihrer guten Qualit\u00e4t gefragt, so ist das seit Corona noch mehr der Fall. Zahlreiche Firmen, unter anderem Zulieferer der Automobilindustrie haben sich auf die Produktion [...]\" \/>\n<meta property=\"og:url\" content=\"https:\/\/www.oekosuchmaschine.de\/magazin\/oekologische-atemschutzmasken-aus-deutschland\/\" \/>\n<meta property=\"og:site_name\" content=\"\u00d6ko-Magazin\" \/>\n<meta property=\"article:published_time\" content=\"2020-10-27T15:40:53+00:00\" \/>\n<meta property=\"article:modified_time\" content=\"2020-10-28T15:43:11+00:00\" \/>\n<meta property=\"og:image\" content=\"https:\/\/www.oekosuchmaschine.de\/magazin\/wp-content\/uploads\/2020\/10\/mask-4898571_1280.jpg\" \/>\n\t<meta property=\"og:image:width\" content=\"1280\" \/>\n\t<meta property=\"og:image:height\" content=\"853\" \/>\n\t<meta property=\"og:image:type\" content=\"image\/jpeg\" \/>\n<meta name=\"author\" content=\"Redaktion\" \/>\n<meta name=\"twitter:card\" content=\"summary_large_image\" \/>\n<meta name=\"twitter:label1\" content=\"Verfasst von\" \/>\n\t<meta name=\"twitter:data1\" content=\"Redaktion\" \/>\n\t<meta name=\"twitter:label2\" content=\"Gesch\u00e4tzte Lesezeit\" \/>\n\t<meta name=\"twitter:data2\" content=\"4\u00a0Minuten\" \/>\n<script type=\"application\/ld+json\" class=\"yoast-schema-graph\">{\"@context\":\"https:\/\/schema.org\",\"@graph\":[{\"@type\":\"Article\",\"@id\":\"https:\/\/www.oekosuchmaschine.de\/magazin\/oekologische-atemschutzmasken-aus-deutschland\/#article\",\"isPartOf\":{\"@id\":\"https:\/\/www.oekosuchmaschine.de\/magazin\/oekologische-atemschutzmasken-aus-deutschland\/\"},\"author\":{\"name\":\"Redaktion\",\"@id\":\"https:\/\/www.oekosuchmaschine.de\/magazin\/#\/schema\/person\/b8dc814907674d1ea8b55552164f1a41\"},\"headline\":\"\u00d6kologische Atemschutzmasken aus Deutschland\",\"datePublished\":\"2020-10-27T15:40:53+00:00\",\"dateModified\":\"2020-10-28T15:43:11+00:00\",\"mainEntityOfPage\":{\"@id\":\"https:\/\/www.oekosuchmaschine.de\/magazin\/oekologische-atemschutzmasken-aus-deutschland\/\"},\"wordCount\":712,\"commentCount\":0,\"publisher\":{\"@id\":\"https:\/\/www.oekosuchmaschine.de\/magazin\/#organization\"},\"image\":{\"@id\":\"https:\/\/www.oekosuchmaschine.de\/magazin\/oekologische-atemschutzmasken-aus-deutschland\/#primaryimage\"},\"thumbnailUrl\":\"https:\/\/www.oekosuchmaschine.de\/magazin\/wp-content\/uploads\/2020\/10\/mask-4898571_1280.jpg\",\"articleSection\":[\"Gesundheit\"],\"inLanguage\":\"de\",\"potentialAction\":[{\"@type\":\"CommentAction\",\"name\":\"Comment\",\"target\":[\"https:\/\/www.oekosuchmaschine.de\/magazin\/oekologische-atemschutzmasken-aus-deutschland\/#respond\"]}]},{\"@type\":\"WebPage\",\"@id\":\"https:\/\/www.oekosuchmaschine.de\/magazin\/oekologische-atemschutzmasken-aus-deutschland\/\",\"url\":\"https:\/\/www.oekosuchmaschine.de\/magazin\/oekologische-atemschutzmasken-aus-deutschland\/\",\"name\":\"\u00d6kologische Atemschutzmasken aus Deutschland | \u00d6ko-Magazin\",\"isPartOf\":{\"@id\":\"https:\/\/www.oekosuchmaschine.de\/magazin\/#website\"},\"primaryImageOfPage\":{\"@id\":\"https:\/\/www.oekosuchmaschine.de\/magazin\/oekologische-atemschutzmasken-aus-deutschland\/#primaryimage\"},\"image\":{\"@id\":\"https:\/\/www.oekosuchmaschine.de\/magazin\/oekologische-atemschutzmasken-aus-deutschland\/#primaryimage\"},\"thumbnailUrl\":\"https:\/\/www.oekosuchmaschine.de\/magazin\/wp-content\/uploads\/2020\/10\/mask-4898571_1280.jpg\",\"datePublished\":\"2020-10-27T15:40:53+00:00\",\"dateModified\":\"2020-10-28T15:43:11+00:00\",\"breadcrumb\":{\"@id\":\"https:\/\/www.oekosuchmaschine.de\/magazin\/oekologische-atemschutzmasken-aus-deutschland\/#breadcrumb\"},\"inLanguage\":\"de\",\"potentialAction\":[{\"@type\":\"ReadAction\",\"target\":[\"https:\/\/www.oekosuchmaschine.de\/magazin\/oekologische-atemschutzmasken-aus-deutschland\/\"]}]},{\"@type\":\"ImageObject\",\"inLanguage\":\"de\",\"@id\":\"https:\/\/www.oekosuchmaschine.de\/magazin\/oekologische-atemschutzmasken-aus-deutschland\/#primaryimage\",\"url\":\"https:\/\/www.oekosuchmaschine.de\/magazin\/wp-content\/uploads\/2020\/10\/mask-4898571_1280.jpg\",\"contentUrl\":\"https:\/\/www.oekosuchmaschine.de\/magazin\/wp-content\/uploads\/2020\/10\/mask-4898571_1280.jpg\",\"width\":1280,\"height\":853,\"caption\":\"\u00d6kologische Atemschutzmasken\"},{\"@type\":\"BreadcrumbList\",\"@id\":\"https:\/\/www.oekosuchmaschine.de\/magazin\/oekologische-atemschutzmasken-aus-deutschland\/#breadcrumb\",\"itemListElement\":[{\"@type\":\"ListItem\",\"position\":1,\"name\":\"Startseite\",\"item\":\"https:\/\/www.oekosuchmaschine.de\/magazin\/\"},{\"@type\":\"ListItem\",\"position\":2,\"name\":\"\u00d6kologische Atemschutzmasken aus Deutschland\"}]},{\"@type\":\"WebSite\",\"@id\":\"https:\/\/www.oekosuchmaschine.de\/magazin\/#website\",\"url\":\"https:\/\/www.oekosuchmaschine.de\/magazin\/\",\"name\":\"\u00d6ko-Magazin\",\"description\":\"Das offizielle Wissensmagazin von \u00d6kosuchmaschine.de\",\"publisher\":{\"@id\":\"https:\/\/www.oekosuchmaschine.de\/magazin\/#organization\"},\"potentialAction\":[{\"@type\":\"SearchAction\",\"target\":{\"@type\":\"EntryPoint\",\"urlTemplate\":\"https:\/\/www.oekosuchmaschine.de\/magazin\/?s={search_term_string}\"},\"query-input\":{\"@type\":\"PropertyValueSpecification\",\"valueRequired\":true,\"valueName\":\"search_term_string\"}}],\"inLanguage\":\"de\"},{\"@type\":\"Organization\",\"@id\":\"https:\/\/www.oekosuchmaschine.de\/magazin\/#organization\",\"name\":\"\u00d6ko-Magazin\",\"url\":\"https:\/\/www.oekosuchmaschine.de\/magazin\/\",\"logo\":{\"@type\":\"ImageObject\",\"inLanguage\":\"de\",\"@id\":\"https:\/\/www.oekosuchmaschine.de\/magazin\/#\/schema\/logo\/image\/\",\"url\":\"https:\/\/www.oekosuchmaschine.de\/magazin\/wp-content\/uploads\/2019\/01\/Logo-Magazin-NEU2-klein1.png\",\"contentUrl\":\"https:\/\/www.oekosuchmaschine.de\/magazin\/wp-content\/uploads\/2019\/01\/Logo-Magazin-NEU2-klein1.png\",\"width\":519,\"height\":90,\"caption\":\"\u00d6ko-Magazin\"},\"image\":{\"@id\":\"https:\/\/www.oekosuchmaschine.de\/magazin\/#\/schema\/logo\/image\/\"}},{\"@type\":\"Person\",\"@id\":\"https:\/\/www.oekosuchmaschine.de\/magazin\/#\/schema\/person\/b8dc814907674d1ea8b55552164f1a41\",\"name\":\"Redaktion\",\"image\":{\"@type\":\"ImageObject\",\"inLanguage\":\"de\",\"@id\":\"https:\/\/www.oekosuchmaschine.de\/magazin\/#\/schema\/person\/image\/\",\"url\":\"https:\/\/secure.gravatar.com\/avatar\/9d952bea0b3f54ed48d92ddceca598d8f18c9722e8eec14f80b2b5973ed92678?s=96&d=mm&r=g\",\"contentUrl\":\"https:\/\/secure.gravatar.com\/avatar\/9d952bea0b3f54ed48d92ddceca598d8f18c9722e8eec14f80b2b5973ed92678?s=96&d=mm&r=g\",\"caption\":\"Redaktion\"},\"description\":\"In diesem Online-Magazin publizieren unsere Redakteure regelm\u00e4\u00dfig neue Beitr\u00e4ge zu unterschiedlichsten Themen. Alle Artikel haben eines gemeinsam: Sie vermitteln Wissen und informieren \u00fcber News! M\u00f6chtest Du einen Gastartikel in unserem Wissensmagazin ver\u00f6ffentlichen? Dann schreibe uns gerne an!\",\"url\":\"https:\/\/www.oekosuchmaschine.de\/magazin\/author\/webgo-admin\/\"}]}<\/script>\n<!-- \/ Yoast SEO plugin. -->","yoast_head_json":{"title":"\u00d6kologische Atemschutzmasken aus Deutschland | \u00d6ko-Magazin","robots":{"index":"index","follow":"follow","max-snippet":"max-snippet:-1","max-image-preview":"max-image-preview:large","max-video-preview":"max-video-preview:-1"},"canonical":"https:\/\/www.oekosuchmaschine.de\/magazin\/oekologische-atemschutzmasken-aus-deutschland\/","og_locale":"de_DE","og_type":"article","og_title":"\u00d6kologische Atemschutzmasken aus Deutschland | \u00d6ko-Magazin","og_description":"Waren in der Vergangenheit Atemschutzmasken aus Deutschland schon immer wegen ihrer guten Qualit\u00e4t gefragt, so ist das seit Corona noch mehr der Fall. Zahlreiche Firmen, unter anderem Zulieferer der Automobilindustrie haben sich auf die Produktion [...]","og_url":"https:\/\/www.oekosuchmaschine.de\/magazin\/oekologische-atemschutzmasken-aus-deutschland\/","og_site_name":"\u00d6ko-Magazin","article_published_time":"2020-10-27T15:40:53+00:00","article_modified_time":"2020-10-28T15:43:11+00:00","og_image":[{"width":1280,"height":853,"url":"https:\/\/www.oekosuchmaschine.de\/magazin\/wp-content\/uploads\/2020\/10\/mask-4898571_1280.jpg","type":"image\/jpeg"}],"author":"Redaktion","twitter_card":"summary_large_image","twitter_misc":{"Verfasst von":"Redaktion","Gesch\u00e4tzte Lesezeit":"4\u00a0Minuten"},"schema":{"@context":"https:\/\/schema.org","@graph":[{"@type":"Article","@id":"https:\/\/www.oekosuchmaschine.de\/magazin\/oekologische-atemschutzmasken-aus-deutschland\/#article","isPartOf":{"@id":"https:\/\/www.oekosuchmaschine.de\/magazin\/oekologische-atemschutzmasken-aus-deutschland\/"},"author":{"name":"Redaktion","@id":"https:\/\/www.oekosuchmaschine.de\/magazin\/#\/schema\/person\/b8dc814907674d1ea8b55552164f1a41"},"headline":"\u00d6kologische Atemschutzmasken aus Deutschland","datePublished":"2020-10-27T15:40:53+00:00","dateModified":"2020-10-28T15:43:11+00:00","mainEntityOfPage":{"@id":"https:\/\/www.oekosuchmaschine.de\/magazin\/oekologische-atemschutzmasken-aus-deutschland\/"},"wordCount":712,"commentCount":0,"publisher":{"@id":"https:\/\/www.oekosuchmaschine.de\/magazin\/#organization"},"image":{"@id":"https:\/\/www.oekosuchmaschine.de\/magazin\/oekologische-atemschutzmasken-aus-deutschland\/#primaryimage"},"thumbnailUrl":"https:\/\/www.oekosuchmaschine.de\/magazin\/wp-content\/uploads\/2020\/10\/mask-4898571_1280.jpg","articleSection":["Gesundheit"],"inLanguage":"de","potentialAction":[{"@type":"CommentAction","name":"Comment","target":["https:\/\/www.oekosuchmaschine.de\/magazin\/oekologische-atemschutzmasken-aus-deutschland\/#respond"]}]},{"@type":"WebPage","@id":"https:\/\/www.oekosuchmaschine.de\/magazin\/oekologische-atemschutzmasken-aus-deutschland\/","url":"https:\/\/www.oekosuchmaschine.de\/magazin\/oekologische-atemschutzmasken-aus-deutschland\/","name":"\u00d6kologische Atemschutzmasken aus Deutschland | \u00d6ko-Magazin","isPartOf":{"@id":"https:\/\/www.oekosuchmaschine.de\/magazin\/#website"},"primaryImageOfPage":{"@id":"https:\/\/www.oekosuchmaschine.de\/magazin\/oekologische-atemschutzmasken-aus-deutschland\/#primaryimage"},"image":{"@id":"https:\/\/www.oekosuchmaschine.de\/magazin\/oekologische-atemschutzmasken-aus-deutschland\/#primaryimage"},"thumbnailUrl":"https:\/\/www.oekosuchmaschine.de\/magazin\/wp-content\/uploads\/2020\/10\/mask-4898571_1280.jpg","datePublished":"2020-10-27T15:40:53+00:00","dateModified":"2020-10-28T15:43:11+00:00","breadcrumb":{"@id":"https:\/\/www.oekosuchmaschine.de\/magazin\/oekologische-atemschutzmasken-aus-deutschland\/#breadcrumb"},"inLanguage":"de","potentialAction":[{"@type":"ReadAction","target":["https:\/\/www.oekosuchmaschine.de\/magazin\/oekologische-atemschutzmasken-aus-deutschland\/"]}]},{"@type":"ImageObject","inLanguage":"de","@id":"https:\/\/www.oekosuchmaschine.de\/magazin\/oekologische-atemschutzmasken-aus-deutschland\/#primaryimage","url":"https:\/\/www.oekosuchmaschine.de\/magazin\/wp-content\/uploads\/2020\/10\/mask-4898571_1280.jpg","contentUrl":"https:\/\/www.oekosuchmaschine.de\/magazin\/wp-content\/uploads\/2020\/10\/mask-4898571_1280.jpg","width":1280,"height":853,"caption":"\u00d6kologische Atemschutzmasken"},{"@type":"BreadcrumbList","@id":"https:\/\/www.oekosuchmaschine.de\/magazin\/oekologische-atemschutzmasken-aus-deutschland\/#breadcrumb","itemListElement":[{"@type":"ListItem","position":1,"name":"Startseite","item":"https:\/\/www.oekosuchmaschine.de\/magazin\/"},{"@type":"ListItem","position":2,"name":"\u00d6kologische Atemschutzmasken aus Deutschland"}]},{"@type":"WebSite","@id":"https:\/\/www.oekosuchmaschine.de\/magazin\/#website","url":"https:\/\/www.oekosuchmaschine.de\/magazin\/","name":"\u00d6ko-Magazin","description":"Das offizielle Wissensmagazin von \u00d6kosuchmaschine.de","publisher":{"@id":"https:\/\/www.oekosuchmaschine.de\/magazin\/#organization"},"potentialAction":[{"@type":"SearchAction","target":{"@type":"EntryPoint","urlTemplate":"https:\/\/www.oekosuchmaschine.de\/magazin\/?s={search_term_string}"},"query-input":{"@type":"PropertyValueSpecification","valueRequired":true,"valueName":"search_term_string"}}],"inLanguage":"de"},{"@type":"Organization","@id":"https:\/\/www.oekosuchmaschine.de\/magazin\/#organization","name":"\u00d6ko-Magazin","url":"https:\/\/www.oekosuchmaschine.de\/magazin\/","logo":{"@type":"ImageObject","inLanguage":"de","@id":"https:\/\/www.oekosuchmaschine.de\/magazin\/#\/schema\/logo\/image\/","url":"https:\/\/www.oekosuchmaschine.de\/magazin\/wp-content\/uploads\/2019\/01\/Logo-Magazin-NEU2-klein1.png","contentUrl":"https:\/\/www.oekosuchmaschine.de\/magazin\/wp-content\/uploads\/2019\/01\/Logo-Magazin-NEU2-klein1.png","width":519,"height":90,"caption":"\u00d6ko-Magazin"},"image":{"@id":"https:\/\/www.oekosuchmaschine.de\/magazin\/#\/schema\/logo\/image\/"}},{"@type":"Person","@id":"https:\/\/www.oekosuchmaschine.de\/magazin\/#\/schema\/person\/b8dc814907674d1ea8b55552164f1a41","name":"Redaktion","image":{"@type":"ImageObject","inLanguage":"de","@id":"https:\/\/www.oekosuchmaschine.de\/magazin\/#\/schema\/person\/image\/","url":"https:\/\/secure.gravatar.com\/avatar\/9d952bea0b3f54ed48d92ddceca598d8f18c9722e8eec14f80b2b5973ed92678?s=96&d=mm&r=g","contentUrl":"https:\/\/secure.gravatar.com\/avatar\/9d952bea0b3f54ed48d92ddceca598d8f18c9722e8eec14f80b2b5973ed92678?s=96&d=mm&r=g","caption":"Redaktion"},"description":"In diesem Online-Magazin publizieren unsere Redakteure regelm\u00e4\u00dfig neue Beitr\u00e4ge zu unterschiedlichsten Themen. Alle Artikel haben eines gemeinsam: Sie vermitteln Wissen und informieren \u00fcber News! M\u00f6chtest Du einen Gastartikel in unserem Wissensmagazin ver\u00f6ffentlichen? Dann schreibe uns gerne an!","url":"https:\/\/www.oekosuchmaschine.de\/magazin\/author\/webgo-admin\/"}]}},"_links":{"self":[{"href":"https:\/\/www.oekosuchmaschine.de\/magazin\/wp-json\/wp\/v2\/posts\/762","targetHints":{"allow":["GET"]}}],"collection":[{"href":"https:\/\/www.oekosuchmaschine.de\/magazin\/wp-json\/wp\/v2\/posts"}],"about":[{"href":"https:\/\/www.oekosuchmaschine.de\/magazin\/wp-json\/wp\/v2\/types\/post"}],"author":[{"embeddable":true,"href":"https:\/\/www.oekosuchmaschine.de\/magazin\/wp-json\/wp\/v2\/users\/1"}],"replies":[{"embeddable":true,"href":"https:\/\/www.oekosuchmaschine.de\/magazin\/wp-json\/wp\/v2\/comments?post=762"}],"version-history":[{"count":1,"href":"https:\/\/www.oekosuchmaschine.de\/magazin\/wp-json\/wp\/v2\/posts\/762\/revisions"}],"predecessor-version":[{"id":764,"href":"https:\/\/www.oekosuchmaschine.de\/magazin\/wp-json\/wp\/v2\/posts\/762\/revisions\/764"}],"wp:featuredmedia":[{"embeddable":true,"href":"https:\/\/www.oekosuchmaschine.de\/magazin\/wp-json\/wp\/v2\/media\/763"}],"wp:attachment":[{"href":"https:\/\/www.oekosuchmaschine.de\/magazin\/wp-json\/wp\/v2\/media?parent=762"}],"wp:term":[{"taxonomy":"category","embeddable":true,"href":"https:\/\/www.oekosuchmaschine.de\/magazin\/wp-json\/wp\/v2\/categories?post=762"},{"taxonomy":"post_tag","embeddable":true,"href":"https:\/\/www.oekosuchmaschine.de\/magazin\/wp-json\/wp\/v2\/tags?post=762"}],"curies":[{"name":"wp","href":"https:\/\/api.w.org\/{rel}","templated":true}]}}